{"id":54453,"date":"2024-11-04T11:12:11","date_gmt":"2024-11-04T10:12:11","guid":{"rendered":"https:\/\/www.traum-ferienwohnungen.de\/urlaubsmagazin\/?p=54453"},"modified":"2024-12-12T11:54:54","modified_gmt":"2024-12-12T10:54:54","slug":"mit-dem-fahrrad-entlang-der-ostseekueste","status":"publish","type":"post","link":"https:\/\/www.vacation-apartments.com\/urlaubsmagazin\/mit-dem-fahrrad-entlang-der-ostseekueste\/","title":{"rendered":"Mit dem Fahrrad entlang der Ostseek\u00fcste: Die sch\u00f6nsten Routen"},"content":{"rendered":"\n<section class=\"wp-block-uagb-section uagb-section__wrap uagb-section__background-undefined uagb-block-23868f10\"><div class=\"uagb-section__overlay\"><\/div><div class=\"uagb-section__inner-wrap\">\n<section class=\"wp-block-uagb-columns uagb-columns__wrap uagb-columns__background-undefined uagb-columns__stack-mobile uagb-columns__valign-undefined uagb-columns__gap-10 alignundefined uagb-block-048537c3\"><div class=\"uagb-columns__overlay\"><\/div><div class=\"uagb-columns__inner-wrap uagb-columns__columns-1\">\n<div class=\"wp-block-uagb-column uagb-column__wrap uagb-column__background-undefined uagb-block-fa54ad9f\"><div class=\"uagb-column__overlay\"><\/div><div class=\"uagb-column__inner-wrap\">\n<p class=\"wp-block-paragraph\">Stellt euch vor, wie ihr entlang von <a href=\"https:\/\/www.traum-ferienwohnungen.de\/urlaubsmagazin\/fahrradtouren-deutschland\/\">Fahrradrouten<\/a> an der Ostseek\u00fcste radelt, mit dem Rauschen der Wellen auf der einen Seite und charmanten <a href=\"https:\/\/www.traum-ferienwohnungen.de\/urlaubsmagazin\/ostsee-kuestendoerfer-historische-orte-und-kultur\/\">K\u00fcstend\u00f6rfern<\/a> auf der anderen. Fahrradfahren an der Ostsee ist eine perfekte M\u00f6glichkeit, die Sch\u00f6nheit und Freiheit der offenen Stra\u00dfe zu genie\u00dfen und dabei versteckte Orte und atemberaubende Ausblicke zu entdecken, die sonst unentdeckt blieben. Mit Traum Ferienwohnungen sind wir da, um euch die sch\u00f6nsten Fahrradrouten f\u00fcr euren Radurlaub an der Ostsee, praktische Tipps f\u00fcr den Fahrradverleih und interessante Fakten f\u00fcr euer Ostsee-Radabenteuer zu bieten. Schnappt euch also eure Helme und macht euch bereit, die Ostsee auf zwei R\u00e4dern zu erkunden \u2013 ein unvergessliches Abenteuer wartet auf euch!<\/p>\n<\/div><\/div>\n<\/div><\/section>\n\n\n\t\t\t\t<div class=\"wp-block-uagb-table-of-contents uagb-toc__align-left uagb-toc__columns-2  uagb-block-a5ad16e5      \"\n\t\t\t\t\tdata-scroll= \"1\"\n\t\t\t\t\tdata-offset= \"30\"\n\t\t\t\t\tstyle=\"\"\n\t\t\t\t>\n\t\t\t\t<div class=\"uagb-toc__wrap\">\n\t\t\t\t\t\t<div class=\"uagb-toc__title\">\n\t\t\t\t\t\t\tInhaltsverzeichnis\t\t\t\t\t\t<\/div>\n\t\t\t\t\t\t\t\t\t\t\t\t\t\t\t\t\t\t\t\t\t\t<div class=\"uagb-toc__list-wrap \">\n\t\t\t\t\t\t<ol class=\"uagb-toc__list\"><li class=\"uagb-toc__list\"><a href=\"#die-sch\u00f6nsten-fahrradrouten-an-der-ostseek\u00fcste\" class=\"uagb-toc-link__trigger\">Die sch\u00f6nsten Fahrradrouten an der Ostseek\u00fcste<\/a><li class=\"uagb-toc__list\"><a href=\"#1-ostseek\u00fcsten-radweg\" class=\"uagb-toc-link__trigger\">1. Ostseek\u00fcsten-Radweg<\/a><li class=\"uagb-toc__list\"><a href=\"#2-die-fischland-dar\u00df-zingst-runde\" class=\"uagb-toc-link__trigger\">2. Die Fischland-Dar\u00df-Zingst-Runde<\/a><li class=\"uagb-toc__list\"><a href=\"#3-die-l\u00fcbecker-bucht-route\" class=\"uagb-toc-link__trigger\">3. Die L\u00fcbecker Bucht-Route<\/a><li class=\"uagb-toc__list\"><a href=\"#tipps-f\u00fcr-euren-radurlaub-an-der-ostsee\" class=\"uagb-toc-link__trigger\">Tipps f\u00fcr euren Radurlaub an der Ostsee<\/a><li class=\"uagb-toc__list\"><a href=\"#interessante-fakten-zum-radfahren-entlang-der-ostsee\" class=\"uagb-toc-link__trigger\">Interessante Fakten zum Radfahren entlang der Ostsee<\/a><\/ol>\t\t\t\t\t<\/div>\n\t\t\t\t\t\t\t\t\t<\/div>\n\t\t\t\t<\/div>\n\t\t\t\n\n\n<div style=\"height:100px\" aria-hidden=\"true\" class=\"wp-block-spacer\"><\/div>\n\n\n\n<div class=\"wp-block-uagb-advanced-heading uagb-block-05b05ef7 uagb-heading-text\"><h2 class=\"uagb-heading-text\"><strong>Die sch\u00f6nsten Fahrradrouten an der Ostseek\u00fcste<\/strong><\/h2><div class=\"uagb-separator-wrap\"><div class=\"uagb-separator\"><\/div><\/div><p class=\"uagb-desc-text\"><\/p><\/div>\n\n\n\n<section class=\"wp-block-uagb-columns uagb-columns__wrap uagb-columns__background-undefined uagb-columns__stack-mobile uagb-columns__valign-undefined uagb-columns__gap-10 alignundefined uagb-block-7b11cef6\"><div class=\"uagb-columns__overlay\"><\/div><div class=\"uagb-columns__inner-wrap uagb-columns__columns-2\">\n<div class=\"wp-block-uagb-column uagb-column__wrap uagb-column__background-undefined uagb-block-89857514\"><div class=\"uagb-column__overlay\"><\/div><div class=\"uagb-column__inner-wrap\">\n<h2 class=\"wp-block-heading\">1. <strong>Ostseek\u00fcsten-Radweg<\/strong><\/h2>\n\n\n\n<ul class=\"wp-block-list\">\n<li><strong>Routen\u00fcberblick:<\/strong> Mit \u00fcber 1.000 Kilometern erstreckt sich der <a href=\"https:\/\/www.traum-ferienwohnungen.de\/urlaubsmagazin\/schoenste-straende-ostsee\/\">Ostseek\u00fcsten<\/a>-Radweg vom Flensburger Fjord bis zur Insel Usedom. Entlang von <a href=\"https:\/\/www.traum-ferienwohnungen.de\/urlaubsmagazin\/schoenste-straende-ostsee\/\">Str\u00e4nden<\/a>, Klippen und D\u00fcnen f\u00fchrt der malerische Weg auch durch St\u00e4dte wie L\u00fcbeck und Rostock, wo historische Architektur auf das Meer trifft.<\/li>\n\n\n\n<li><strong>Highlights:<\/strong> Genie\u00dft die ruhigen Str\u00e4nde <a href=\"https:\/\/www.traum-ferienwohnungen.de\/urlaubsmagazin\/digitaler-urlaub-schleswig-holstein\/\">Schleswig-Holsteins<\/a>, die steilen Klippen in Mecklenburg und charmante Fischerd\u00f6rfer. Fahrten durch Landschaften wie Fehmarn und R\u00fcgen bieten atemberaubende Panoramen.<\/li>\n<\/ul>\n\n\n\n<div class=\"wp-block-uagb-buttons uagb-buttons__outer-wrap uagb-block-687bd365\"><div class=\"uagb-buttons__wrap uagb-buttons-layout-wrap\">\n<div class=\"wp-block-uagb-buttons-child uagb-buttons__outer-wrap uagb-block-228ee30d\"><div class=\"uagb-button__wrapper\"><a class=\"uagb-buttons-repeater\" href=\"https:\/\/www.traum-ferienwohnungen.de\/europa\/deutschland\/ostsee\/\" rel=\"noopener noreferrer\" target=\"_blank\"><div class=\"uagb-button__link\">Erkundet jetzt den Ostseek\u00fcsten-Radweg!<\/div><\/a><\/div><\/div>\n<\/div><\/div>\n<\/div><\/div>\n\n\n\n<div class=\"wp-block-uagb-column uagb-column__wrap uagb-column__background-image uagb-block-60ba89c1\"><div class=\"uagb-column__overlay\"><\/div><div class=\"uagb-column__inner-wrap\"><\/div><\/div>\n<\/div><\/section>\n\n\n\n<div style=\"height:100px\" aria-hidden=\"true\" class=\"wp-block-spacer\"><\/div>\n\n\n\n<section class=\"wp-block-uagb-columns uagb-columns__wrap uagb-columns__background-undefined uagb-columns__stack-mobile uagb-columns__valign-undefined uagb-columns__gap-10 alignundefined uagb-block-25fb5f68\"><div class=\"uagb-columns__overlay\"><\/div><div class=\"uagb-columns__inner-wrap uagb-columns__columns-2\">\n<div class=\"wp-block-uagb-column uagb-column__wrap uagb-column__background-image uagb-block-5069f874\"><div class=\"uagb-column__overlay\"><\/div><div class=\"uagb-column__inner-wrap\"><\/div><\/div>\n\n\n\n<div class=\"wp-block-uagb-column uagb-column__wrap uagb-column__background-undefined uagb-block-c358bc04\"><div class=\"uagb-column__overlay\"><\/div><div class=\"uagb-column__inner-wrap\">\n<h2 class=\"wp-block-heading\">2. <strong>Die Fischland-Dar\u00df-Zingst-Runde<\/strong><\/h2>\n\n\n\n<ul class=\"wp-block-list\">\n<li><strong>Routen\u00fcberblick:<\/strong> Diese Rundstrecke erm\u00f6glicht es euch, die wundersch\u00f6nen Landschaften der Halbinsel Dar\u00df zu erleben, einem Naturschutzgebiet, das f\u00fcr seine reiche Artenvielfalt und unber\u00fchrten Str\u00e4nde bekannt ist.<\/li>\n\n\n\n<li><strong>Highlights:<\/strong> Vorbei am Leuchtturm Dar\u00dfer Ort und dem Nationalpark Vorpommersche Boddenlandschaft bietet diese Route einzigartige Einblicke in die lokale Tierwelt und eine Mischung aus Wald- und K\u00fcstenlandschaften.<\/li>\n<\/ul>\n\n\n\n<div class=\"wp-block-uagb-buttons uagb-buttons__outer-wrap uagb-block-5597c21f\"><div class=\"uagb-buttons__wrap uagb-buttons-layout-wrap\">\n<div class=\"wp-block-uagb-buttons-child uagb-buttons__outer-wrap uagb-block-5dabbce7\"><div class=\"uagb-button__wrapper\"><a class=\"uagb-buttons-repeater\" href=\"https:\/\/www.traum-ferienwohnungen.de\/europa\/deutschland\/fischland-darss-zingst\/\" rel=\"noopener noreferrer\" target=\"_blank\"><div class=\"uagb-button__link\">Erkundet jetzt Fischland-Dar\u00df-Zingst-Rund!<\/div><\/a><\/div><\/div>\n<\/div><\/div>\n<\/div><\/div>\n<\/div><\/section>\n\n\n\n<div style=\"height:100px\" aria-hidden=\"true\" class=\"wp-block-spacer\"><\/div>\n\n\n\n<section class=\"wp-block-uagb-columns uagb-columns__wrap uagb-columns__background-undefined uagb-columns__stack-mobile uagb-columns__valign-undefined uagb-columns__gap-10 alignundefined uagb-block-408d15d9\"><div class=\"uagb-columns__overlay\"><\/div><div class=\"uagb-columns__inner-wrap uagb-columns__columns-2\">\n<div class=\"wp-block-uagb-column uagb-column__wrap uagb-column__background-undefined uagb-block-33c8b0fe\"><div class=\"uagb-column__overlay\"><\/div><div class=\"uagb-column__inner-wrap\">\n<h2 class=\"wp-block-heading\">3. <strong>Die L\u00fcbecker Bucht-Route<\/strong><\/h2>\n\n\n\n<ul class=\"wp-block-list\">\n<li><strong>Routen\u00fcberblick:<\/strong> Ideal f\u00fcr <a href=\"https:\/\/www.traum-ferienwohnungen.de\/urlaubsmagazin\/last-minute-familienurlaub\/\">Familien<\/a> und Anf\u00e4nger, f\u00fchrt dieser flache Weg entlang der K\u00fcste der <a href=\"https:\/\/www.traum-ferienwohnungen.de\/urlaubsmagazin\/urlaub-an-der-lubecker-bucht\/\">L\u00fcbecker Bucht<\/a> von Travem\u00fcnde bis zum Timmendorfer Strand.<\/li>\n\n\n\n<li><strong>Highlights:<\/strong> Diese entspannte Route ist ges\u00e4umt von gem\u00fctlichen Caf\u00e9s und charmanten Strandpromenaden \u2013 perfekt f\u00fcr gem\u00fctliche Fahrten mit vielen M\u00f6glichkeiten, die Sch\u00f6nheit der <a href=\"https:\/\/www.traum-ferienwohnungen.de\/urlaubsmagazin\/ostsee-brackwasser-phaenomen\/\">Ostsee<\/a> zu genie\u00dfen.<\/li>\n<\/ul>\n\n\n\n<div class=\"wp-block-uagb-buttons uagb-buttons__outer-wrap uagb-block-90bfb1ee\"><div class=\"uagb-buttons__wrap uagb-buttons-layout-wrap\">\n<div class=\"wp-block-uagb-buttons-child uagb-buttons__outer-wrap uagb-block-d428a31d\"><div class=\"uagb-button__wrapper\"><a class=\"uagb-buttons-repeater\" href=\"https:\/\/www.traum-ferienwohnungen.de\/europa\/deutschland\/luebecker-bucht\/\" rel=\"noopener noreferrer\" target=\"_blank\"><div class=\"uagb-button__link\">Erkundet jetzt die L\u00fcbecker Bucht-Route!<\/div><\/a><\/div><\/div>\n<\/div><\/div>\n<\/div><\/div>\n\n\n\n<div class=\"wp-block-uagb-column uagb-column__wrap uagb-column__background-image uagb-block-ae8291bc\"><div class=\"uagb-column__overlay\"><\/div><div class=\"uagb-column__inner-wrap\"><\/div><\/div>\n<\/div><\/section>\n\n\n\n<div style=\"height:100px\" aria-hidden=\"true\" class=\"wp-block-spacer\"><\/div>\n\n\n\n<section class=\"wp-block-uagb-columns uagb-columns__wrap uagb-columns__background-undefined uagb-columns__stack-mobile uagb-columns__valign-undefined uagb-columns__gap-10 alignundefined uagb-block-6249053a\"><div class=\"uagb-columns__overlay\"><\/div><div class=\"uagb-columns__inner-wrap uagb-columns__columns-1\">\n<div class=\"wp-block-uagb-column uagb-column__wrap uagb-column__background-undefined uagb-block-6c0dce18\"><div class=\"uagb-column__overlay\"><\/div><div class=\"uagb-column__inner-wrap\">\n<div class=\"wp-block-group\"><div class=\"wp-block-group__inner-container is-layout-constrained wp-block-group-is-layout-constrained\">\n<div class=\"wp-block-group\"><div class=\"wp-block-group__inner-container is-layout-constrained wp-block-group-is-layout-constrained\">\n<div class=\"wp-block-uagb-info-box uagb-infobox__outer-wrap uagb-block-880de7f4\"><div class=\"uagb-infobox__content-wrap uagb-infobox uagb-infobox-has-icon uagb-infobox-icon-above-title uagb-infobox-image-valign-top uagb-infobox-enable-border-radius \"><div class=\"uagb-ifb-left-right-wrap\"><div class=\"uagb-ifb-content\"><div class=\"uagb-ifb-image-icon-content uagb-ifb-imgicon-wrap\"><div class=\"uagb-ifb-icon-wrap\"><span class=\"uagb-ifb-icon\"><\/span><\/div><\/div><div class=\"uagb-ifb-title-wrap\"><h3 class=\"uagb-ifb-title\"><strong>Fahrradverleih entlang der Ostseek\u00fcste<\/strong><\/h3><\/div><div class=\"uagb-ifb-separator-parent\"><div class=\"uagb-ifb-separator\"><\/div><\/div><div class=\"uagb-ifb-text-wrap\"><p class=\"uagb-ifb-desc\">Kein eigenes Fahrrad? Kein Problem \u2013 viele Orte an der <a href=\"https:\/\/www.traum-ferienwohnungen.de\/urlaubsmagazin\/schoenste-straende-ostsee\/\">Ostseek\u00fcste<\/a> bieten zuverl\u00e4ssige Fahrradverleihm\u00f6glichkeiten:<br><strong>In gr\u00f6\u00dferen St\u00e4dten:<\/strong> Sucht nach Fahrradverleih-Stationen in <a href=\"https:\/\/www.traum-ferienwohnungen.de\/europa\/deutschland\/rostock\/\">Rostock<\/a>, L\u00fcbeck und <a href=\"https:\/\/www.traum-ferienwohnungen.de\/europa\/deutschland\/luebecker-bucht\/travemuende\/\">Travem\u00fcnde<\/a>. Die \u00f6rtlichen Tourismusb\u00fcros bieten oft gef\u00fchrte Radtouren an und k\u00f6nnen Verleihgesch\u00e4fte mit verschiedenen <a href=\"https:\/\/www.traum-ferienwohnungen.de\/urlaubsmagazin\/fahrradurlaub-niederlande\/\">Fahrradtypen<\/a> empfehlen, von Mountainbikes bis hin zu E-Bikes.<br><strong>Bike-Sharing-Apps:<\/strong> F\u00fcr mehr Flexibilit\u00e4t gibt es in einigen Regionen auch Bike-Sharing-Apps mit praktischen Abhol- und R\u00fcckgabestationen.<br><\/p><\/div><\/div><\/div><\/div><\/div>\n<\/div><\/div>\n<\/div><\/div>\n<\/div><\/div>\n<\/div><\/section>\n\n\n\n<div style=\"height:100px\" aria-hidden=\"true\" class=\"wp-block-spacer\"><\/div>\n\n\n\n<div class=\"wp-block-uagb-advanced-heading uagb-block-e37e12a0 uagb-heading-text\"><h2 class=\"uagb-heading-text\"><strong>Tipps f\u00fcr euren Radurlaub an der Ostsee<\/strong><\/h2><div class=\"uagb-separator-wrap\"><div class=\"uagb-separator\"><\/div><\/div><p class=\"uagb-desc-text\"><\/p><\/div>\n\n\n\n<section class=\"wp-block-uagb-columns uagb-columns__wrap uagb-columns__background-undefined uagb-columns__stack-mobile uagb-columns__valign-undefined uagb-columns__gap-10 alignundefined uagb-block-8d29221b\"><div class=\"uagb-columns__overlay\"><\/div><div class=\"uagb-columns__inner-wrap uagb-columns__columns-1\">\n<div class=\"wp-block-uagb-column uagb-column__wrap uagb-column__background-undefined uagb-block-0e577434\"><div class=\"uagb-column__overlay\"><\/div><div class=\"uagb-column__inner-wrap\">\n<div class=\"wp-block-cover is-light has-tfw-black-color has-text-color\" style=\"min-height:316px;aspect-ratio:unset;\"><span aria-hidden=\"true\" class=\"wp-block-cover__background has-tfw-white-background-color has-background-dim-70 has-background-dim\"><\/span><img fetchpriority=\"high\" decoding=\"async\" width=\"2560\" height=\"1703\" class=\"wp-block-cover__image-background wp-image-54448\" alt=\"\" src=\"https:\/\/www.traum-ferienwohnungen.de\/urlaubsmagazin\/wp-content\/uploads\/2024\/11\/extra-balticsea-scaled.jpg\" data-object-fit=\"cover\" srcset=\"https:\/\/www.vacation-apartments.com\/urlaubsmagazin\/wp-content\/uploads\/2024\/11\/extra-balticsea-scaled.jpg 2560w, https:\/\/www.vacation-apartments.com\/urlaubsmagazin\/wp-content\/uploads\/2024\/11\/extra-balticsea-300x200.jpg 300w\" sizes=\"(max-width: 2560px) 100vw, 2560px\" \/><div class=\"wp-block-cover__inner-container is-layout-constrained wp-block-cover-is-layout-constrained\">\n<p class=\"wp-block-paragraph\">\u2022  <strong>Plant eure Route nach eurem K\u00f6nnen: <\/strong>Familien oder Anf\u00e4nger fahren am besten flache Routen entlang der L\u00fcbecker Bucht oder zwischen <a href=\"https:\/\/www.traum-ferienwohnungen.de\/europa\/deutschland\/rostock\/warnemuende\/\">Warnem\u00fcnde<\/a> und Rostock. Ge\u00fcbte Radfahrer, die eine Herausforderung suchen, finden am <a href=\"https:\/\/www.traum-ferienwohnungen.de\/urlaubsmagazin\/ostsee-kuestendoerfer-historische-orte-und-kultur\/\">Ostseek\u00fcsten-Radweg<\/a>, insbesondere auf der Insel R\u00fcgen, anspruchsvollere Abschnitte.<br>\u2022  <strong>Bereitet euch auf wechselhaftes Wetter vor:<\/strong> An der <a href=\"https:\/\/www.traum-ferienwohnungen.de\/urlaubsmagazin\/die-besten-instagramwuerdigen-spots-an-der-ostsee\/\">Ostsee<\/a> kann das Wetter unvorhersehbar sein. Packt eine winddichte Jacke ein, tragt Kleidung in Schichten und vergesst den Sonnenschutz nicht \u2013 auch an bew\u00f6lkten Tagen.<br>\u2022  <strong>Pausen einlegen nicht vergessen: <\/strong>Bei so vielen sch\u00f6nen <a href=\"https:\/\/www.traum-ferienwohnungen.de\/urlaubsmagazin\/mit-kindern-die-nordsee-erleben\/\">Picknickpl\u00e4tzen<\/a> und Aussichtspunkten lohnt es sich, eine Pause einzulegen, zu entspannen und bei einem Snack die Meeresaussicht zu genie\u00dfen.<\/p>\n<\/div><\/div>\n<\/div><\/div>\n<\/div><\/section>\n\n\n\n<div style=\"height:100px\" aria-hidden=\"true\" class=\"wp-block-spacer\"><\/div>\n\n\n\n<section class=\"wp-block-uagb-columns uagb-columns__wrap uagb-columns__background-undefined uagb-columns__stack-mobile uagb-columns__valign-undefined uagb-columns__gap-10 alignundefined uagb-block-a1d78011\"><div class=\"uagb-columns__overlay\"><\/div><div class=\"uagb-columns__inner-wrap uagb-columns__columns-1\">\n<div class=\"wp-block-uagb-column uagb-column__wrap uagb-column__background-gradient uagb-block-eaba4e4d\"><div class=\"uagb-column__overlay\"><\/div><div class=\"uagb-column__inner-wrap\">\n<div class=\"wp-block-uagb-advanced-heading uagb-block-bee686ee uagb-heading-text\"><h2 class=\"uagb-heading-text\">Interessante Fakten zum Radfahren entlang der Ostsee<\/h2><div class=\"uagb-separator-wrap\"><div class=\"uagb-separator\"><\/div><\/div><p class=\"uagb-desc-text\">\u2022 <strong>Einzigartige Fahrradbr\u00fccke: <\/strong>Die Fehmarnsundbr\u00fccke verbindet nicht nur die Insel Fehmarn mit dem Festland, sondern bietet auch einen malerischen Fahrradweg, auf dem ihr die Ostsee von oben erleben k\u00f6nnt.<br>\u2022 <strong>Eine Reise durch die Zeit:<\/strong> Einige <a href=\"https:\/\/www.traum-ferienwohnungen.de\/urlaubsmagazin\/fahrradtouren-deutschland\/\">Radrouten<\/a>, wie etwa die bei L\u00fcbeck, f\u00fchren an UNESCO-Weltkulturerbest\u00e4tten vorbei und kombinieren Geschichte mit eurer Tour.<br><strong>\u2022<\/strong> <strong>Hotspots der Biodiversit\u00e4t: <\/strong>Die Dar\u00df-Zingster Boddenkette beherbergt eine der gr\u00f6\u00dften Kranichpopulationen Deutschlands. Im Herbst k\u00f6nnt ihr hier Tausende Kraniche beobachten \u2013 ein beeindruckendes Erlebnis vom Fahrradsitz aus.<\/p><\/div>\n<\/div><\/div>\n<\/div><\/section>\n\n\n\n<section class=\"wp-block-uagb-columns uagb-columns__wrap uagb-columns__background-undefined uagb-columns__stack-mobile uagb-columns__valign-undefined uagb-columns__gap-10 alignundefined uagb-block-fed6cb99\"><div class=\"uagb-columns__overlay\"><\/div><div class=\"uagb-columns__inner-wrap uagb-columns__columns-1\">\n<div class=\"wp-block-uagb-column uagb-column__wrap uagb-column__background-undefined uagb-block-fd84c7fe\"><div class=\"uagb-column__overlay\"><\/div><div class=\"uagb-column__inner-wrap\">\n<p class=\"wp-block-paragraph\">Ein Radurlaub an der Ostsee mit Traum Ferienwohnungen erm\u00f6glicht einen aktiven und zugleich entspannten Urlaub, bei dem das Rauschen der Wellen mit dem Takt eurer Pedale verschmilzt. Genie\u00dft die malerischen Wege, unternehmt eine gem\u00fctliche Fahrt und lasst euch von der Ostseebrise durch eine unvergessliche Reise leiten!<\/p>\n<\/div><\/div>\n<\/div><\/section>\n\n\n\n<div class=\"wp-block-uagb-buttons uagb-buttons__outer-wrap uagb-block-f14a41db\"><div class=\"uagb-buttons__wrap uagb-buttons-layout-wrap\">\n<div class=\"wp-block-uagb-buttons-child uagb-buttons__outer-wrap uagb-block-664c2b4a\"><div class=\"uagb-button__wrapper\"><a class=\"uagb-buttons-repeater\" href=\"https:\/\/www.traum-ferienwohnungen.de\/europa\/deutschland\/ostsee\/\" rel=\"noopener noreferrer\" target=\"_blank\"><div class=\"uagb-button__link\">Jetzt genie\u00dft das Radfahren an der Ostsee!<\/div><\/a><\/div><\/div>\n<\/div><\/div>\n\n\n\n<div style=\"height:100px\" aria-hidden=\"true\" class=\"wp-block-spacer\"><\/div>\n\n\n\n<div style=\"height:100px\" aria-hidden=\"true\" class=\"wp-block-spacer\"><\/div>\n\n\n\n<section class=\"wp-block-uagb-columns uagb-columns__wrap uagb-columns__background-undefined uagb-columns__stack-mobile uagb-columns__valign-undefined uagb-columns__gap-10 alignundefined uagb-block-15784dfe\"><div class=\"uagb-columns__overlay\"><\/div><div class=\"uagb-columns__inner-wrap uagb-columns__columns-1\">\n<div class=\"wp-block-uagb-column uagb-column__wrap uagb-column__background-undefined uagb-block-92b60ddf\"><div class=\"uagb-column__overlay\"><\/div><div class=\"uagb-column__inner-wrap\">\n<figure class=\"wp-block-image size-large\"><a href=\"https:\/\/traum-ferienwohnungen.sng.link\/Ad91q\/7sei\/ez3i\"><img decoding=\"async\" width=\"1024\" height=\"132\" src=\"https:\/\/www.traum-ferienwohnungen.de\/urlaubsmagazin\/wp-content\/uploads\/2024\/09\/App-logo-f-1024x132.png\" alt=\"\" class=\"wp-image-53878\" srcset=\"https:\/\/www.vacation-apartments.com\/urlaubsmagazin\/wp-content\/uploads\/2024\/09\/App-logo-f-1024x132.png 1024w, https:\/\/www.vacation-apartments.com\/urlaubsmagazin\/wp-content\/uploads\/2024\/09\/App-logo-f-300x39.png 300w, https:\/\/www.vacation-apartments.com\/urlaubsmagazin\/wp-content\/uploads\/2024\/09\/App-logo-f-768x99.png 768w, https:\/\/www.vacation-apartments.com\/urlaubsmagazin\/wp-content\/uploads\/2024\/09\/App-logo-f.png 1080w\" sizes=\"(max-width: 1024px) 100vw, 1024px\" \/><\/a><\/figure>\n<\/div><\/div>\n<\/div><\/section>\n\n\n\n<div style=\"height:100px\" aria-hidden=\"true\" class=\"wp-block-spacer\"><\/div>\n\n\n<h4 class=\"style-h2\">Diese Themen k\u00f6nnten dich auch interessieren:<\/h4><div  class=\"tfw-related-articles-wrap\"><div class=\"tfw-card all-post tfw-yellow\">\n\t\t\t\t<div class=\"cat-list\"> <a href=\"https:\/\/www.vacation-apartments.com\/urlaubsmagazin\/allgemein\/\" class=\"cat-item\">Allgemein<\/a> <\/div>\n\t\t\t\t<h3>Toskana Kurzurlaub <\/h3>\n\t\t\t\t<a href=\"https:\/\/www.vacation-apartments.com\/urlaubsmagazin\/kurzurlaub-in-der-toskana-highlights-tipps-und-must-sees\/\" rel=\"bookmark\">\n\t\t\t\t\t<figure class=\"post-image post-image--desktop\"> \n\t\t\t\t\t<img decoding=\"async\" width=\"1200\" height=\"500\" src=\"https:\/\/www.vacation-apartments.com\/urlaubsmagazin\/wp-content\/uploads\/2026\/04\/Main-Tuscany.png\" class=\"attachment-post-thumbnail size-post-thumbnail wp-post-image\" alt=\"\" srcset=\"https:\/\/www.vacation-apartments.com\/urlaubsmagazin\/wp-content\/uploads\/2026\/04\/Main-Tuscany.png 1200w, https:\/\/www.vacation-apartments.com\/urlaubsmagazin\/wp-content\/uploads\/2026\/04\/Main-Tuscany-300x125.png 300w, https:\/\/www.vacation-apartments.com\/urlaubsmagazin\/wp-content\/uploads\/2026\/04\/Main-Tuscany-1024x427.png 1024w, https:\/\/www.vacation-apartments.com\/urlaubsmagazin\/wp-content\/uploads\/2026\/04\/Main-Tuscany-768x320.png 768w\" sizes=\"(max-width: 1200px) 100vw, 1200px\" \/>\n\t\t\t\t\t<\/figure>\n\n\t\t\t\t\t<figure class=\"post-image post-image--mobile\"> \n\t\t\t\t\t\t<img decoding=\"async\" src=\" https:\/\/www.vacation-apartments.com\/urlaubsmagazin\/wp-content\/uploads\/2026\/04\/Main-Tuscany.png \" \/>\n\t\t\t\t\t<\/figure>\n\t\t\t\t<\/a>\n\t\t\t\t<p>Ob ihr durch die alten, mittelalterlichen Gassen von Florenz und Siena spaziert, einen entspannten Ausflug an die weiten Sandstr\u00e4nde der K\u00fcste macht oder die weltber\u00fchmten, gr\u00fcnen Weinberge erkundet, wir zeigen euch, wie ihr eure kurze Auszeit einfach perfekt gestaltetEntdeckt unsere besten Ratschl\u00e4ge und Ausflugsziele f\u00fcr unvergessliche Kurzurlaub im wundersch\u00f6nen Italien.\r\n\n\t\t\t\t<\/p>\n\t\t\t\t<a class=\"tfw-button tfw-button--black\" href=\"https:\/\/www.vacation-apartments.com\/urlaubsmagazin\/kurzurlaub-in-der-toskana-highlights-tipps-und-must-sees\/\" rel=\"bookmark\"> Mehr erfahren<\/a>\n\t\t\t<\/div><div class=\"tfw-card all-post tfw-blue\">\n\t\t\t\t<div class=\"cat-list\"> <a href=\"https:\/\/www.vacation-apartments.com\/urlaubsmagazin\/allgemein\/\" class=\"cat-item\">Allgemein<\/a> <\/div>\n\t\t\t\t<h3>Istrien Urlaub Highlights<\/h3>\n\t\t\t\t<a href=\"https:\/\/www.vacation-apartments.com\/urlaubsmagazin\/istrien-urlaub-sehenswuerdigkeiten-und-tipps\/\" rel=\"bookmark\">\n\t\t\t\t\t<figure class=\"post-image post-image--desktop\"> \n\t\t\t\t\t<img loading=\"lazy\" decoding=\"async\" width=\"1200\" height=\"500\" src=\"https:\/\/www.vacation-apartments.com\/urlaubsmagazin\/wp-content\/uploads\/2026\/04\/Istria-main-banner.png\" class=\"attachment-post-thumbnail size-post-thumbnail wp-post-image\" alt=\"\" srcset=\"https:\/\/www.vacation-apartments.com\/urlaubsmagazin\/wp-content\/uploads\/2026\/04\/Istria-main-banner.png 1200w, https:\/\/www.vacation-apartments.com\/urlaubsmagazin\/wp-content\/uploads\/2026\/04\/Istria-main-banner-300x125.png 300w, https:\/\/www.vacation-apartments.com\/urlaubsmagazin\/wp-content\/uploads\/2026\/04\/Istria-main-banner-1024x427.png 1024w, https:\/\/www.vacation-apartments.com\/urlaubsmagazin\/wp-content\/uploads\/2026\/04\/Istria-main-banner-768x320.png 768w\" sizes=\"(max-width: 1200px) 100vw, 1200px\" \/>\n\t\t\t\t\t<\/figure>\n\n\t\t\t\t\t<figure class=\"post-image post-image--mobile\"> \n\t\t\t\t\t\t<img decoding=\"async\" src=\" https:\/\/www.vacation-apartments.com\/urlaubsmagazin\/wp-content\/uploads\/2026\/04\/Istria-main-banner.png \" \/>\n\t\t\t\t\t<\/figure>\n\t\t\t\t<\/a>\n\t\t\t\t<p>Ob romantische Spazierg\u00e4nge durch mittelalterliche Gassen, entspannte Nachmittage an tiefblauen Buchten oder kulinarische Entdeckungsreisen im Hinterland \u2013 ein Istrien Urlaub verbindet Vielfalt und Genuss.Wir zeigen euch die sch\u00f6nsten Ecken der Region. Lasst euch inspirieren und plant eure Traumreise.\n\t\t\t\t<\/p>\n\t\t\t\t<a class=\"tfw-button tfw-button--black\" href=\"https:\/\/www.vacation-apartments.com\/urlaubsmagazin\/istrien-urlaub-sehenswuerdigkeiten-und-tipps\/\" rel=\"bookmark\"> Mehr erfahren<\/a>\n\t\t\t<\/div><div class=\"tfw-card all-post tfw-purple\">\n\t\t\t\t<div class=\"cat-list\"> <a href=\"https:\/\/www.vacation-apartments.com\/urlaubsmagazin\/allgemein\/\" class=\"cat-item\">Allgemein<\/a><a href=\"https:\/\/www.vacation-apartments.com\/urlaubsmagazin\/reisefuehrer\/\" class=\"cat-item\">Reisef\u00fchrer<\/a><a href=\"https:\/\/www.vacation-apartments.com\/urlaubsmagazin\/urlaubsideen\/\" class=\"cat-item\">Urlaubsideen<\/a> <\/div>\n\t\t\t\t<h3>Ungarn Urlaub Highlights<\/h3>\n\t\t\t\t<a href=\"https:\/\/www.vacation-apartments.com\/urlaubsmagazin\/ungarn-urlaub-sehenswuerdigkeiten\/\" rel=\"bookmark\">\n\t\t\t\t\t<figure class=\"post-image post-image--desktop\"> \n\t\t\t\t\t<img loading=\"lazy\" decoding=\"async\" width=\"1200\" height=\"500\" src=\"https:\/\/www.vacation-apartments.com\/urlaubsmagazin\/wp-content\/uploads\/2026\/04\/Hungary-banner.png\" class=\"attachment-post-thumbnail size-post-thumbnail wp-post-image\" alt=\"\" srcset=\"https:\/\/www.vacation-apartments.com\/urlaubsmagazin\/wp-content\/uploads\/2026\/04\/Hungary-banner.png 1200w, https:\/\/www.vacation-apartments.com\/urlaubsmagazin\/wp-content\/uploads\/2026\/04\/Hungary-banner-300x125.png 300w, https:\/\/www.vacation-apartments.com\/urlaubsmagazin\/wp-content\/uploads\/2026\/04\/Hungary-banner-1024x427.png 1024w, https:\/\/www.vacation-apartments.com\/urlaubsmagazin\/wp-content\/uploads\/2026\/04\/Hungary-banner-768x320.png 768w\" sizes=\"(max-width: 1200px) 100vw, 1200px\" \/>\n\t\t\t\t\t<\/figure>\n\n\t\t\t\t\t<figure class=\"post-image post-image--mobile\"> \n\t\t\t\t\t\t<img decoding=\"async\" src=\" https:\/\/www.vacation-apartments.com\/urlaubsmagazin\/wp-content\/uploads\/2026\/04\/Hungary-banner.png \" \/>\n\t\t\t\t\t<\/figure>\n\t\t\t\t<\/a>\n\t\t\t\t<p>Ob entspannte Tage in dampfenden, hei\u00dfen Thermalquellen, aufregende Naturerlebnisse f\u00fcr die ganze Familie oder eine kulinarische Entdeckungstour &#8211; wir zeigen euch unsere Lieblingsorte.Lasst euch inspirieren und erfahrt, warum dieses vielseitige Land das perfekte Ziel f\u00fcr eure n\u00e4chste Reise ist.\r\n\n\t\t\t\t<\/p>\n\t\t\t\t<a class=\"tfw-button tfw-button--black\" href=\"https:\/\/www.vacation-apartments.com\/urlaubsmagazin\/ungarn-urlaub-sehenswuerdigkeiten\/\" rel=\"bookmark\"> Mehr erfahren<\/a>\n\t\t\t<\/div><\/div><\/div><\/section>\n","protected":false},"excerpt":{"rendered":"","protected":false},"author":37,"featured_media":54504,"comment_status":"open","ping_status":"open","sticky":false,"template":"","format":"standard","meta":{"_acf_changed":false,"_crdt_document":"","_uag_custom_page_level_css":"","footnotes":""},"categories":[1],"tags":[307,306],"class_list":["post-54453","post","type-post","status-publish","format-standard","has-post-thumbnail","hentry","category-allgemein","tag-fahrradrouten-ostseekueste","tag-radurlaub-ostsee"],"acf":[],"yoast_head":"<!-- This site is optimized with the Yoast SEO plugin v27.2 - https:\/\/yoast.com\/product\/yoast-seo-wordpress\/ -->\n<title>Mit dem Fahrrad entlang der Ostseek\u00fcste: Die sch\u00f6nsten Routen | Urlaubsmagazin - Traum Ferienwohnungen<\/title>\n<meta name=\"description\" content=\"Entdeckt die sch\u00f6nsten Fahrradrouten entlang der Ostseek\u00fcste \u2013 Traum Ferienwohnungen zeigt euch die besten Strecken und praktische Tipps.\" \/>\n<meta name=\"robots\" content=\"index, follow, max-snippet:-1, max-image-preview:large, max-video-preview:-1\" \/>\n<link rel=\"canonical\" href=\"https:\/\/www.vacation-apartments.com\/urlaubsmagazin\/mit-dem-fahrrad-entlang-der-ostseekueste\/\" \/>\n<meta property=\"og:locale\" content=\"de_DE\" \/>\n<meta property=\"og:type\" content=\"article\" \/>\n<meta property=\"og:title\" content=\"Mit dem Fahrrad entlang der Ostseek\u00fcste: Die sch\u00f6nsten Routen | Urlaubsmagazin - Traum Ferienwohnungen\" \/>\n<meta property=\"og:description\" content=\"Entdeckt die sch\u00f6nsten Fahrradrouten entlang der Ostseek\u00fcste \u2013 Traum Ferienwohnungen zeigt euch die besten Strecken und praktische Tipps.\" \/>\n<meta property=\"og:url\" content=\"https:\/\/www.vacation-apartments.com\/urlaubsmagazin\/mit-dem-fahrrad-entlang-der-ostseekueste\/\" \/>\n<meta property=\"og:site_name\" content=\"Urlaubsmagazin - Traum Ferienwohnungen\" \/>\n<meta property=\"article:published_time\" content=\"2024-11-04T10:12:11+00:00\" \/>\n<meta property=\"article:modified_time\" content=\"2024-12-12T10:54:54+00:00\" \/>\n<meta property=\"og:image\" content=\"https:\/\/www.vacation-apartments.com\/urlaubsmagazin\/wp-content\/uploads\/2024\/11\/Untitled-design-15.png\" \/>\n\t<meta property=\"og:image:width\" content=\"1600\" \/>\n\t<meta property=\"og:image:height\" content=\"400\" \/>\n\t<meta property=\"og:image:type\" content=\"image\/png\" \/>\n<meta name=\"author\" content=\"Shweta Anand\" \/>\n<meta name=\"twitter:card\" content=\"summary_large_image\" \/>\n<meta name=\"twitter:label1\" content=\"Verfasst von\" \/>\n\t<meta name=\"twitter:data1\" content=\"Shweta Anand\" \/>\n\t<meta name=\"twitter:label2\" content=\"Gesch\u00e4tzte Lesezeit\" \/>\n\t<meta name=\"twitter:data2\" content=\"3\u00a0Minuten\" \/>\n<script type=\"application\/ld+json\" class=\"yoast-schema-graph\">{\"@context\":\"https:\/\/schema.org\",\"@graph\":[{\"@type\":\"Article\",\"@id\":\"https:\/\/www.vacation-apartments.com\/urlaubsmagazin\/mit-dem-fahrrad-entlang-der-ostseekueste\/#article\",\"isPartOf\":{\"@id\":\"https:\/\/www.vacation-apartments.com\/urlaubsmagazin\/mit-dem-fahrrad-entlang-der-ostseekueste\/\"},\"author\":{\"name\":\"Shweta Anand\",\"@id\":\"https:\/\/www.vacation-apartments.com\/urlaubsmagazin\/#\/schema\/person\/7f2255db38ab373883d59587c407efd6\"},\"headline\":\"Mit dem Fahrrad entlang der Ostseek\u00fcste: Die sch\u00f6nsten Routen\",\"datePublished\":\"2024-11-04T10:12:11+00:00\",\"dateModified\":\"2024-12-12T10:54:54+00:00\",\"mainEntityOfPage\":{\"@id\":\"https:\/\/www.vacation-apartments.com\/urlaubsmagazin\/mit-dem-fahrrad-entlang-der-ostseekueste\/\"},\"wordCount\":708,\"commentCount\":0,\"image\":{\"@id\":\"https:\/\/www.vacation-apartments.com\/urlaubsmagazin\/mit-dem-fahrrad-entlang-der-ostseekueste\/#primaryimage\"},\"thumbnailUrl\":\"https:\/\/www.vacation-apartments.com\/urlaubsmagazin\/wp-content\/uploads\/2024\/11\/Untitled-design-15.png\",\"keywords\":[\"Fahrradrouten Ostseek\u00fcste\",\"Radurlaub Ostsee\"],\"inLanguage\":\"de\",\"potentialAction\":[{\"@type\":\"CommentAction\",\"name\":\"Comment\",\"target\":[\"https:\/\/www.vacation-apartments.com\/urlaubsmagazin\/mit-dem-fahrrad-entlang-der-ostseekueste\/#respond\"]}]},{\"@type\":\"WebPage\",\"@id\":\"https:\/\/www.vacation-apartments.com\/urlaubsmagazin\/mit-dem-fahrrad-entlang-der-ostseekueste\/\",\"url\":\"https:\/\/www.vacation-apartments.com\/urlaubsmagazin\/mit-dem-fahrrad-entlang-der-ostseekueste\/\",\"name\":\"Mit dem Fahrrad entlang der Ostseek\u00fcste: Die sch\u00f6nsten Routen | Urlaubsmagazin - Traum Ferienwohnungen\",\"isPartOf\":{\"@id\":\"https:\/\/www.vacation-apartments.com\/urlaubsmagazin\/#website\"},\"primaryImageOfPage\":{\"@id\":\"https:\/\/www.vacation-apartments.com\/urlaubsmagazin\/mit-dem-fahrrad-entlang-der-ostseekueste\/#primaryimage\"},\"image\":{\"@id\":\"https:\/\/www.vacation-apartments.com\/urlaubsmagazin\/mit-dem-fahrrad-entlang-der-ostseekueste\/#primaryimage\"},\"thumbnailUrl\":\"https:\/\/www.vacation-apartments.com\/urlaubsmagazin\/wp-content\/uploads\/2024\/11\/Untitled-design-15.png\",\"datePublished\":\"2024-11-04T10:12:11+00:00\",\"dateModified\":\"2024-12-12T10:54:54+00:00\",\"author\":{\"@id\":\"https:\/\/www.vacation-apartments.com\/urlaubsmagazin\/#\/schema\/person\/7f2255db38ab373883d59587c407efd6\"},\"description\":\"Entdeckt die sch\u00f6nsten Fahrradrouten entlang der Ostseek\u00fcste \u2013 Traum Ferienwohnungen zeigt euch die besten Strecken und praktische Tipps.\",\"breadcrumb\":{\"@id\":\"https:\/\/www.vacation-apartments.com\/urlaubsmagazin\/mit-dem-fahrrad-entlang-der-ostseekueste\/#breadcrumb\"},\"inLanguage\":\"de\",\"potentialAction\":[{\"@type\":\"ReadAction\",\"target\":[\"https:\/\/www.vacation-apartments.com\/urlaubsmagazin\/mit-dem-fahrrad-entlang-der-ostseekueste\/\"]}]},{\"@type\":\"ImageObject\",\"inLanguage\":\"de\",\"@id\":\"https:\/\/www.vacation-apartments.com\/urlaubsmagazin\/mit-dem-fahrrad-entlang-der-ostseekueste\/#primaryimage\",\"url\":\"https:\/\/www.vacation-apartments.com\/urlaubsmagazin\/wp-content\/uploads\/2024\/11\/Untitled-design-15.png\",\"contentUrl\":\"https:\/\/www.vacation-apartments.com\/urlaubsmagazin\/wp-content\/uploads\/2024\/11\/Untitled-design-15.png\",\"width\":1600,\"height\":400},{\"@type\":\"BreadcrumbList\",\"@id\":\"https:\/\/www.vacation-apartments.com\/urlaubsmagazin\/mit-dem-fahrrad-entlang-der-ostseekueste\/#breadcrumb\",\"itemListElement\":[{\"@type\":\"ListItem\",\"position\":1,\"name\":\"Startseite\",\"item\":\"https:\/\/www.vacation-apartments.com\/urlaubsmagazin\/\"},{\"@type\":\"ListItem\",\"position\":2,\"name\":\"Mit dem Fahrrad entlang der Ostseek\u00fcste: Die sch\u00f6nsten Routen\"}]},{\"@type\":\"WebSite\",\"@id\":\"https:\/\/www.vacation-apartments.com\/urlaubsmagazin\/#website\",\"url\":\"https:\/\/www.vacation-apartments.com\/urlaubsmagazin\/\",\"name\":\"Urlaubsmagazin - Traum Ferienwohnungen\",\"description\":\"\",\"potentialAction\":[{\"@type\":\"SearchAction\",\"target\":{\"@type\":\"EntryPoint\",\"urlTemplate\":\"https:\/\/www.vacation-apartments.com\/urlaubsmagazin\/?s={search_term_string}\"},\"query-input\":{\"@type\":\"PropertyValueSpecification\",\"valueRequired\":true,\"valueName\":\"search_term_string\"}}],\"inLanguage\":\"de\"},{\"@type\":\"Person\",\"@id\":\"https:\/\/www.vacation-apartments.com\/urlaubsmagazin\/#\/schema\/person\/7f2255db38ab373883d59587c407efd6\",\"name\":\"Shweta Anand\",\"image\":{\"@type\":\"ImageObject\",\"inLanguage\":\"de\",\"@id\":\"https:\/\/secure.gravatar.com\/avatar\/91e63489efa1f6501577c059f405ed03ac64da7cc05047a2599d5f9ae35bf2fa?s=96&d=mm&r=g\",\"url\":\"https:\/\/secure.gravatar.com\/avatar\/91e63489efa1f6501577c059f405ed03ac64da7cc05047a2599d5f9ae35bf2fa?s=96&d=mm&r=g\",\"contentUrl\":\"https:\/\/secure.gravatar.com\/avatar\/91e63489efa1f6501577c059f405ed03ac64da7cc05047a2599d5f9ae35bf2fa?s=96&d=mm&r=g\",\"caption\":\"Shweta Anand\"},\"url\":\"https:\/\/www.vacation-apartments.com\/urlaubsmagazin\/author\/shweta\/\"}]}<\/script>\n<!-- \/ Yoast SEO plugin. -->","yoast_head_json":{"title":"Mit dem Fahrrad entlang der Ostseek\u00fcste: Die sch\u00f6nsten Routen | Urlaubsmagazin - Traum Ferienwohnungen","description":"Entdeckt die sch\u00f6nsten Fahrradrouten entlang der Ostseek\u00fcste \u2013 Traum Ferienwohnungen zeigt euch die besten Strecken und praktische Tipps.","robots":{"index":"index","follow":"follow","max-snippet":"max-snippet:-1","max-image-preview":"max-image-preview:large","max-video-preview":"max-video-preview:-1"},"canonical":"https:\/\/www.vacation-apartments.com\/urlaubsmagazin\/mit-dem-fahrrad-entlang-der-ostseekueste\/","og_locale":"de_DE","og_type":"article","og_title":"Mit dem Fahrrad entlang der Ostseek\u00fcste: Die sch\u00f6nsten Routen | Urlaubsmagazin - Traum Ferienwohnungen","og_description":"Entdeckt die sch\u00f6nsten Fahrradrouten entlang der Ostseek\u00fcste \u2013 Traum Ferienwohnungen zeigt euch die besten Strecken und praktische Tipps.","og_url":"https:\/\/www.vacation-apartments.com\/urlaubsmagazin\/mit-dem-fahrrad-entlang-der-ostseekueste\/","og_site_name":"Urlaubsmagazin - Traum Ferienwohnungen","article_published_time":"2024-11-04T10:12:11+00:00","article_modified_time":"2024-12-12T10:54:54+00:00","og_image":[{"width":1600,"height":400,"url":"https:\/\/www.vacation-apartments.com\/urlaubsmagazin\/wp-content\/uploads\/2024\/11\/Untitled-design-15.png","type":"image\/png"}],"author":"Shweta Anand","twitter_card":"summary_large_image","twitter_misc":{"Verfasst von":"Shweta Anand","Gesch\u00e4tzte Lesezeit":"3\u00a0Minuten"},"schema":{"@context":"https:\/\/schema.org","@graph":[{"@type":"Article","@id":"https:\/\/www.vacation-apartments.com\/urlaubsmagazin\/mit-dem-fahrrad-entlang-der-ostseekueste\/#article","isPartOf":{"@id":"https:\/\/www.vacation-apartments.com\/urlaubsmagazin\/mit-dem-fahrrad-entlang-der-ostseekueste\/"},"author":{"name":"Shweta Anand","@id":"https:\/\/www.vacation-apartments.com\/urlaubsmagazin\/#\/schema\/person\/7f2255db38ab373883d59587c407efd6"},"headline":"Mit dem Fahrrad entlang der Ostseek\u00fcste: Die sch\u00f6nsten Routen","datePublished":"2024-11-04T10:12:11+00:00","dateModified":"2024-12-12T10:54:54+00:00","mainEntityOfPage":{"@id":"https:\/\/www.vacation-apartments.com\/urlaubsmagazin\/mit-dem-fahrrad-entlang-der-ostseekueste\/"},"wordCount":708,"commentCount":0,"image":{"@id":"https:\/\/www.vacation-apartments.com\/urlaubsmagazin\/mit-dem-fahrrad-entlang-der-ostseekueste\/#primaryimage"},"thumbnailUrl":"https:\/\/www.vacation-apartments.com\/urlaubsmagazin\/wp-content\/uploads\/2024\/11\/Untitled-design-15.png","keywords":["Fahrradrouten Ostseek\u00fcste","Radurlaub Ostsee"],"inLanguage":"de","potentialAction":[{"@type":"CommentAction","name":"Comment","target":["https:\/\/www.vacation-apartments.com\/urlaubsmagazin\/mit-dem-fahrrad-entlang-der-ostseekueste\/#respond"]}]},{"@type":"WebPage","@id":"https:\/\/www.vacation-apartments.com\/urlaubsmagazin\/mit-dem-fahrrad-entlang-der-ostseekueste\/","url":"https:\/\/www.vacation-apartments.com\/urlaubsmagazin\/mit-dem-fahrrad-entlang-der-ostseekueste\/","name":"Mit dem Fahrrad entlang der Ostseek\u00fcste: Die sch\u00f6nsten Routen | Urlaubsmagazin - Traum Ferienwohnungen","isPartOf":{"@id":"https:\/\/www.vacation-apartments.com\/urlaubsmagazin\/#website"},"primaryImageOfPage":{"@id":"https:\/\/www.vacation-apartments.com\/urlaubsmagazin\/mit-dem-fahrrad-entlang-der-ostseekueste\/#primaryimage"},"image":{"@id":"https:\/\/www.vacation-apartments.com\/urlaubsmagazin\/mit-dem-fahrrad-entlang-der-ostseekueste\/#primaryimage"},"thumbnailUrl":"https:\/\/www.vacation-apartments.com\/urlaubsmagazin\/wp-content\/uploads\/2024\/11\/Untitled-design-15.png","datePublished":"2024-11-04T10:12:11+00:00","dateModified":"2024-12-12T10:54:54+00:00","author":{"@id":"https:\/\/www.vacation-apartments.com\/urlaubsmagazin\/#\/schema\/person\/7f2255db38ab373883d59587c407efd6"},"description":"Entdeckt die sch\u00f6nsten Fahrradrouten entlang der Ostseek\u00fcste \u2013 Traum Ferienwohnungen zeigt euch die besten Strecken und praktische Tipps.","breadcrumb":{"@id":"https:\/\/www.vacation-apartments.com\/urlaubsmagazin\/mit-dem-fahrrad-entlang-der-ostseekueste\/#breadcrumb"},"inLanguage":"de","potentialAction":[{"@type":"ReadAction","target":["https:\/\/www.vacation-apartments.com\/urlaubsmagazin\/mit-dem-fahrrad-entlang-der-ostseekueste\/"]}]},{"@type":"ImageObject","inLanguage":"de","@id":"https:\/\/www.vacation-apartments.com\/urlaubsmagazin\/mit-dem-fahrrad-entlang-der-ostseekueste\/#primaryimage","url":"https:\/\/www.vacation-apartments.com\/urlaubsmagazin\/wp-content\/uploads\/2024\/11\/Untitled-design-15.png","contentUrl":"https:\/\/www.vacation-apartments.com\/urlaubsmagazin\/wp-content\/uploads\/2024\/11\/Untitled-design-15.png","width":1600,"height":400},{"@type":"BreadcrumbList","@id":"https:\/\/www.vacation-apartments.com\/urlaubsmagazin\/mit-dem-fahrrad-entlang-der-ostseekueste\/#breadcrumb","itemListElement":[{"@type":"ListItem","position":1,"name":"Startseite","item":"https:\/\/www.vacation-apartments.com\/urlaubsmagazin\/"},{"@type":"ListItem","position":2,"name":"Mit dem Fahrrad entlang der Ostseek\u00fcste: Die sch\u00f6nsten Routen"}]},{"@type":"WebSite","@id":"https:\/\/www.vacation-apartments.com\/urlaubsmagazin\/#website","url":"https:\/\/www.vacation-apartments.com\/urlaubsmagazin\/","name":"Urlaubsmagazin - Traum Ferienwohnungen","description":"","potentialAction":[{"@type":"SearchAction","target":{"@type":"EntryPoint","urlTemplate":"https:\/\/www.vacation-apartments.com\/urlaubsmagazin\/?s={search_term_string}"},"query-input":{"@type":"PropertyValueSpecification","valueRequired":true,"valueName":"search_term_string"}}],"inLanguage":"de"},{"@type":"Person","@id":"https:\/\/www.vacation-apartments.com\/urlaubsmagazin\/#\/schema\/person\/7f2255db38ab373883d59587c407efd6","name":"Shweta Anand","image":{"@type":"ImageObject","inLanguage":"de","@id":"https:\/\/secure.gravatar.com\/avatar\/91e63489efa1f6501577c059f405ed03ac64da7cc05047a2599d5f9ae35bf2fa?s=96&d=mm&r=g","url":"https:\/\/secure.gravatar.com\/avatar\/91e63489efa1f6501577c059f405ed03ac64da7cc05047a2599d5f9ae35bf2fa?s=96&d=mm&r=g","contentUrl":"https:\/\/secure.gravatar.com\/avatar\/91e63489efa1f6501577c059f405ed03ac64da7cc05047a2599d5f9ae35bf2fa?s=96&d=mm&r=g","caption":"Shweta Anand"},"url":"https:\/\/www.vacation-apartments.com\/urlaubsmagazin\/author\/shweta\/"}]}},"uagb_featured_image_src":{"full":["https:\/\/www.vacation-apartments.com\/urlaubsmagazin\/wp-content\/uploads\/2024\/11\/Untitled-design-15.png",1600,400,false],"thumbnail":["https:\/\/www.vacation-apartments.com\/urlaubsmagazin\/wp-content\/uploads\/2024\/11\/Untitled-design-15-150x150.png",150,150,true],"medium":["https:\/\/www.vacation-apartments.com\/urlaubsmagazin\/wp-content\/uploads\/2024\/11\/Untitled-design-15-300x75.png",300,75,true],"medium_large":["https:\/\/www.vacation-apartments.com\/urlaubsmagazin\/wp-content\/uploads\/2024\/11\/Untitled-design-15-768x192.png",768,192,true],"large":["https:\/\/www.vacation-apartments.com\/urlaubsmagazin\/wp-content\/uploads\/2024\/11\/Untitled-design-15-1024x256.png",1024,256,true],"1536x1536":["https:\/\/www.vacation-apartments.com\/urlaubsmagazin\/wp-content\/uploads\/2024\/11\/Untitled-design-15-1536x384.png",1536,384,true],"2048x2048":["https:\/\/www.vacation-apartments.com\/urlaubsmagazin\/wp-content\/uploads\/2024\/11\/Untitled-design-15.png",1600,400,false]},"uagb_author_info":{"display_name":"Shweta Anand","author_link":"https:\/\/www.vacation-apartments.com\/urlaubsmagazin\/author\/shweta\/"},"uagb_comment_info":0,"uagb_excerpt":null,"_links":{"self":[{"href":"https:\/\/www.vacation-apartments.com\/urlaubsmagazin\/wp-json\/wp\/v2\/posts\/54453","targetHints":{"allow":["GET"]}}],"collection":[{"href":"https:\/\/www.vacation-apartments.com\/urlaubsmagazin\/wp-json\/wp\/v2\/posts"}],"about":[{"href":"https:\/\/www.vacation-apartments.com\/urlaubsmagazin\/wp-json\/wp\/v2\/types\/post"}],"author":[{"embeddable":true,"href":"https:\/\/www.vacation-apartments.com\/urlaubsmagazin\/wp-json\/wp\/v2\/users\/37"}],"replies":[{"embeddable":true,"href":"https:\/\/www.vacation-apartments.com\/urlaubsmagazin\/wp-json\/wp\/v2\/comments?post=54453"}],"version-history":[{"count":5,"href":"https:\/\/www.vacation-apartments.com\/urlaubsmagazin\/wp-json\/wp\/v2\/posts\/54453\/revisions"}],"predecessor-version":[{"id":55054,"href":"https:\/\/www.vacation-apartments.com\/urlaubsmagazin\/wp-json\/wp\/v2\/posts\/54453\/revisions\/55054"}],"wp:featuredmedia":[{"embeddable":true,"href":"https:\/\/www.vacation-apartments.com\/urlaubsmagazin\/wp-json\/wp\/v2\/media\/54504"}],"wp:attachment":[{"href":"https:\/\/www.vacation-apartments.com\/urlaubsmagazin\/wp-json\/wp\/v2\/media?parent=54453"}],"wp:term":[{"taxonomy":"category","embeddable":true,"href":"https:\/\/www.vacation-apartments.com\/urlaubsmagazin\/wp-json\/wp\/v2\/categories?post=54453"},{"taxonomy":"post_tag","embeddable":true,"href":"https:\/\/www.vacation-apartments.com\/urlaubsmagazin\/wp-json\/wp\/v2\/tags?post=54453"}],"curies":[{"name":"wp","href":"https:\/\/api.w.org\/{rel}","templated":true}]}}